{"id":92,"date":"2009-04-22T18:26:19","date_gmt":"2009-04-22T17:26:19","guid":{"rendered":"http:\/\/netrix.org.pl\/?p=92"},"modified":"2009-12-11T23:36:07","modified_gmt":"2009-12-11T22:36:07","slug":"it-days-2009-na-politechnice-wroclawskiej","status":"publish","type":"post","link":"https:\/\/netrix.org.pl\/index.php\/2009\/04\/22\/it-days-2009-na-politechnice-wroclawskiej\/","title":{"rendered":"IT Days 2009 na Politechnice Wroc\u0142awskiej"},"content":{"rendered":"<p>Od wczoraj, czyli od wtorku (22.04.2009), na Politechnice Wroc\u0142awskiej trwaj\u0105 Dni Technologii Informatycznych (<a href=\"http:\/\/www.pwr.aiesec.pl\/itdays\/\">IT Days<\/a>). Celem konferencji, organizowanej przez AIESEC Polska, jest prezentacja dzia\u0142alno\u015bci firm bior\u0105cych w niej udzia\u0142, a tak\u017ce mo\u017cliwo\u015b\u0107 zapoznania si\u0119 z ofertami pracodawc\u00f3w na Targach Pracy, kt\u00f3re odb\u0119d\u0105 si\u0119 jutro, czyli w ostatni dzie\u0144 konferencji.<\/p>\n<p>Jak do tej pory uda\u0142o mi si\u0119 uczestniczy\u0107 tylko na na dw\u00f3ch wyk\u0142adach. Pierwszym jest, sk\u0142adaj\u0105cy si\u0119 z dw\u00f3ch cz\u0119\u015bci, wyk\u0142ad firmy AMD, na kt\u00f3rym w pierwszej (d\u0142u\u017cszej) cz\u0119\u015bci, zosta\u0142a zaprezentowana nowa platforma do gier PC o nazwie &#8220;Dragon&#8221;, natomiast druga cz\u0119\u015b\u0107 traktowa\u0142a o technologiach oszcz\u0119dzania energii wykorzystywanych w procesorach AMD.<br \/>\nDrugi wyk\u0142ad zosta\u0142 zaprezentowany przez przedstawicieli firmy Nokia Siemens Networks, a jego tematem by\u0142y technologie UMTS, HSDPA, HSUPA oraz kilka innych. Niestety nie jest to tematyka, o kt\u00f3rej m\u00f3g\u0142bym cokolwiek powiedzie\u0107, ale mimo wszystko wyk\u0142ad by\u0142 bardzo ciekawy.<\/p>\n<p>O czwartku postaram si\u0119 napisa\u0107 w najbli\u017cszym czasie :>.<\/p>\n","protected":false},"excerpt":{"rendered":"<p>Od wczoraj, czyli od wtorku (22.04.2009), na Politechnice Wroc\u0142awskiej trwaj\u0105 Dni Technologii Informatycznych (IT Days). Celem konferencji, organizowanej przez AIESEC Polska, jest prezentacja dzia\u0142alno\u015bci firm bior\u0105cych w niej udzia\u0142, a tak\u017ce mo\u017cliwo\u015b\u0107 zapoznania si\u0119 z ofertami pracodawc\u00f3w na Targach Pracy, kt\u00f3re odb\u0119d\u0105 si\u0119 jutro, czyli w ostatni dzie\u0144 konferencji. Jak do tej pory uda\u0142o mi [&hellip;]<\/p>\n","protected":false},"author":1,"featured_media":0,"comment_status":"open","ping_status":"open","sticky":false,"template":"","format":"standard","meta":{"footnotes":""},"categories":[24],"tags":[90,89,76],"_links":{"self":[{"href":"https:\/\/netrix.org.pl\/index.php\/wp-json\/wp\/v2\/posts\/92"}],"collection":[{"href":"https:\/\/netrix.org.pl\/index.php\/wp-json\/wp\/v2\/posts"}],"about":[{"href":"https:\/\/netrix.org.pl\/index.php\/wp-json\/wp\/v2\/types\/post"}],"author":[{"embeddable":true,"href":"https:\/\/netrix.org.pl\/index.php\/wp-json\/wp\/v2\/users\/1"}],"replies":[{"embeddable":true,"href":"https:\/\/netrix.org.pl\/index.php\/wp-json\/wp\/v2\/comments?post=92"}],"version-history":[{"count":7,"href":"https:\/\/netrix.org.pl\/index.php\/wp-json\/wp\/v2\/posts\/92\/revisions"}],"predecessor-version":[{"id":359,"href":"https:\/\/netrix.org.pl\/index.php\/wp-json\/wp\/v2\/posts\/92\/revisions\/359"}],"wp:attachment":[{"href":"https:\/\/netrix.org.pl\/index.php\/wp-json\/wp\/v2\/media?parent=92"}],"wp:term":[{"taxonomy":"category","embeddable":true,"href":"https:\/\/netrix.org.pl\/index.php\/wp-json\/wp\/v2\/categories?post=92"},{"taxonomy":"post_tag","embeddable":true,"href":"https:\/\/netrix.org.pl\/index.php\/wp-json\/wp\/v2\/tags?post=92"}],"curies":[{"name":"wp","href":"https:\/\/api.w.org\/{rel}","templated":true}]}}